{"id":406,"date":"2019-05-20T13:41:52","date_gmt":"2019-05-20T11:41:52","guid":{"rendered":"http:\/\/job4miouest.fr\/?p=406"},"modified":"2020-12-18T13:57:06","modified_gmt":"2020-12-18T12:57:06","slug":"test","status":"publish","type":"post","link":"https:\/\/job4miouest.fr\/index.php\/2019\/05\/20\/test\/","title":{"rendered":"Semaine de la propret\u00e9 2019"},"content":{"rendered":"<p>Des b\u00e9n\u00e9voles de Job4MiOuest ont accompagn\u00e9 des candidats \u00e0 des emplois dans le secteur de la propret\u00e9, lors de la semaine de la propret\u00e9, en mai 2019. Ils ont d\u00e9couvert les diff\u00e9rents m\u00e9tiers, du lavage de vitre \u00e0 l\u2019utilisation des machines de nettoyage du sol. Cet \u00e9v\u00e9nement a vocation \u00e0 faire d\u00e9couvrir la diversit\u00e9 des m\u00e9tiers du secteur et les besoins en recrutement des entreprises.<\/p>\n\n","protected":false},"excerpt":{"rendered":"<p>Des b\u00e9n\u00e9voles de Job4MiOuest ont accompagn\u00e9 des candidats \u00e0 des emplois dans le secteur de la propret\u00e9, lors de la semaine de la propret\u00e9, en&hellip;<\/p>\n","protected":false},"author":2,"featured_media":417,"comment_status":"open","ping_status":"open","sticky":false,"template":"","format":"standard","meta":{"footnotes":""},"categories":[5],"tags":[],"class_list":["post-406","post","type-post","status-publish","format-standard","has-post-thumbnail","hentry","category-evenement"],"yoast_head":"<!-- This site is optimized with the Yoast SEO plugin v24.9 - https:\/\/yoast.com\/wordpress\/plugins\/seo\/ -->\n<title>Semaine de la propret\u00e9 2019 - Job4mi Ouest<\/title>\n<meta name=\"robots\" content=\"index, follow, max-snippet:-1, max-image-preview:large, max-video-preview:-1\" \/>\n<link rel=\"canonical\" href=\"https:\/\/job4miouest.fr\/index.php\/2019\/05\/20\/test\/\" \/>\n<meta property=\"og:locale\" content=\"fr_FR\" \/>\n<meta property=\"og:type\" content=\"article\" \/>\n<meta property=\"og:title\" content=\"Semaine de la propret\u00e9 2019 - Job4mi Ouest\" \/>\n<meta property=\"og:description\" content=\"Des b\u00e9n\u00e9voles de Job4MiOuest ont accompagn\u00e9 des candidats \u00e0 des emplois dans le secteur de la propret\u00e9, lors de la semaine de la propret\u00e9, en&hellip;\" \/>\n<meta property=\"og:url\" content=\"https:\/\/job4miouest.fr\/index.php\/2019\/05\/20\/test\/\" \/>\n<meta property=\"og:site_name\" content=\"Job4mi Ouest\" \/>\n<meta property=\"article:published_time\" content=\"2019-05-20T11:41:52+00:00\" \/>\n<meta property=\"article:modified_time\" content=\"2020-12-18T12:57:06+00:00\" \/>\n<meta property=\"og:image\" content=\"https:\/\/job4miouest.fr\/wp-content\/uploads\/2020\/12\/Actu_Semaine-proprete_lg.png\" \/>\n\t<meta property=\"og:image:width\" content=\"413\" \/>\n\t<meta property=\"og:image:height\" content=\"360\" \/>\n\t<meta property=\"og:image:type\" content=\"image\/png\" \/>\n<meta name=\"author\" content=\"Olivier Richard\" \/>\n<meta name=\"twitter:card\" content=\"summary_large_image\" \/>\n<meta name=\"twitter:label1\" content=\"\u00c9crit par\" \/>\n\t<meta name=\"twitter:data1\" content=\"Olivier Richard\" \/>\n<script type=\"application\/ld+json\" class=\"yoast-schema-graph\">{\"@context\":\"https:\/\/schema.org\",\"@graph\":[{\"@type\":\"WebPage\",\"@id\":\"https:\/\/job4miouest.fr\/index.php\/2019\/05\/20\/test\/\",\"url\":\"https:\/\/job4miouest.fr\/index.php\/2019\/05\/20\/test\/\",\"name\":\"Semaine de la propret\u00e9 2019 - Job4mi Ouest\",\"isPartOf\":{\"@id\":\"http:\/\/job4miouest.fr\/#website\"},\"primaryImageOfPage\":{\"@id\":\"https:\/\/job4miouest.fr\/index.php\/2019\/05\/20\/test\/#primaryimage\"},\"image\":{\"@id\":\"https:\/\/job4miouest.fr\/index.php\/2019\/05\/20\/test\/#primaryimage\"},\"thumbnailUrl\":\"https:\/\/job4miouest.fr\/wp-content\/uploads\/2020\/12\/Actu_Semaine-proprete_lg.png\",\"datePublished\":\"2019-05-20T11:41:52+00:00\",\"dateModified\":\"2020-12-18T12:57:06+00:00\",\"author\":{\"@id\":\"http:\/\/job4miouest.fr\/#\/schema\/person\/2d6705e4e7cd8bb52db796ab09946ab9\"},\"breadcrumb\":{\"@id\":\"https:\/\/job4miouest.fr\/index.php\/2019\/05\/20\/test\/#breadcrumb\"},\"inLanguage\":\"fr-FR\",\"potentialAction\":[{\"@type\":\"ReadAction\",\"target\":[\"https:\/\/job4miouest.fr\/index.php\/2019\/05\/20\/test\/\"]}]},{\"@type\":\"ImageObject\",\"inLanguage\":\"fr-FR\",\"@id\":\"https:\/\/job4miouest.fr\/index.php\/2019\/05\/20\/test\/#primaryimage\",\"url\":\"https:\/\/job4miouest.fr\/wp-content\/uploads\/2020\/12\/Actu_Semaine-proprete_lg.png\",\"contentUrl\":\"https:\/\/job4miouest.fr\/wp-content\/uploads\/2020\/12\/Actu_Semaine-proprete_lg.png\",\"width\":413,\"height\":360,\"caption\":\"Actu_Semaine proprete_lg\"},{\"@type\":\"BreadcrumbList\",\"@id\":\"https:\/\/job4miouest.fr\/index.php\/2019\/05\/20\/test\/#breadcrumb\",\"itemListElement\":[{\"@type\":\"ListItem\",\"position\":1,\"name\":\"Accueil\",\"item\":\"http:\/\/job4miouest.fr\/\"},{\"@type\":\"ListItem\",\"position\":2,\"name\":\"Semaine de la propret\u00e9 2019\"}]},{\"@type\":\"WebSite\",\"@id\":\"http:\/\/job4miouest.fr\/#website\",\"url\":\"http:\/\/job4miouest.fr\/\",\"name\":\"Job4mi Ouest\",\"description\":\"Ensemble, parcourons les chemins de l\u2019int\u00e9gration par l\u2019emploi\",\"potentialAction\":[{\"@type\":\"SearchAction\",\"target\":{\"@type\":\"EntryPoint\",\"urlTemplate\":\"http:\/\/job4miouest.fr\/?s={search_term_string}\"},\"query-input\":{\"@type\":\"PropertyValueSpecification\",\"valueRequired\":true,\"valueName\":\"search_term_string\"}}],\"inLanguage\":\"fr-FR\"},{\"@type\":\"Person\",\"@id\":\"http:\/\/job4miouest.fr\/#\/schema\/person\/2d6705e4e7cd8bb52db796ab09946ab9\",\"name\":\"Olivier Richard\",\"image\":{\"@type\":\"ImageObject\",\"inLanguage\":\"fr-FR\",\"@id\":\"http:\/\/job4miouest.fr\/#\/schema\/person\/image\/\",\"url\":\"https:\/\/secure.gravatar.com\/avatar\/b7e927ccb688b0eeb8152a95c346431b3944bab6ca32141203cfdb8af5a3f251?s=96&d=mm&r=g\",\"contentUrl\":\"https:\/\/secure.gravatar.com\/avatar\/b7e927ccb688b0eeb8152a95c346431b3944bab6ca32141203cfdb8af5a3f251?s=96&d=mm&r=g\",\"caption\":\"Olivier Richard\"},\"url\":\"https:\/\/job4miouest.fr\/index.php\/author\/orichard\/\"}]}<\/script>\n<!-- \/ Yoast SEO plugin. -->","yoast_head_json":{"title":"Semaine de la propret\u00e9 2019 - Job4mi Ouest","robots":{"index":"index","follow":"follow","max-snippet":"max-snippet:-1","max-image-preview":"max-image-preview:large","max-video-preview":"max-video-preview:-1"},"canonical":"https:\/\/job4miouest.fr\/index.php\/2019\/05\/20\/test\/","og_locale":"fr_FR","og_type":"article","og_title":"Semaine de la propret\u00e9 2019 - Job4mi Ouest","og_description":"Des b\u00e9n\u00e9voles de Job4MiOuest ont accompagn\u00e9 des candidats \u00e0 des emplois dans le secteur de la propret\u00e9, lors de la semaine de la propret\u00e9, en&hellip;","og_url":"https:\/\/job4miouest.fr\/index.php\/2019\/05\/20\/test\/","og_site_name":"Job4mi Ouest","article_published_time":"2019-05-20T11:41:52+00:00","article_modified_time":"2020-12-18T12:57:06+00:00","og_image":[{"width":413,"height":360,"url":"https:\/\/job4miouest.fr\/wp-content\/uploads\/2020\/12\/Actu_Semaine-proprete_lg.png","type":"image\/png"}],"author":"Olivier Richard","twitter_card":"summary_large_image","twitter_misc":{"\u00c9crit par":"Olivier Richard"},"schema":{"@context":"https:\/\/schema.org","@graph":[{"@type":"WebPage","@id":"https:\/\/job4miouest.fr\/index.php\/2019\/05\/20\/test\/","url":"https:\/\/job4miouest.fr\/index.php\/2019\/05\/20\/test\/","name":"Semaine de la propret\u00e9 2019 - Job4mi Ouest","isPartOf":{"@id":"http:\/\/job4miouest.fr\/#website"},"primaryImageOfPage":{"@id":"https:\/\/job4miouest.fr\/index.php\/2019\/05\/20\/test\/#primaryimage"},"image":{"@id":"https:\/\/job4miouest.fr\/index.php\/2019\/05\/20\/test\/#primaryimage"},"thumbnailUrl":"https:\/\/job4miouest.fr\/wp-content\/uploads\/2020\/12\/Actu_Semaine-proprete_lg.png","datePublished":"2019-05-20T11:41:52+00:00","dateModified":"2020-12-18T12:57:06+00:00","author":{"@id":"http:\/\/job4miouest.fr\/#\/schema\/person\/2d6705e4e7cd8bb52db796ab09946ab9"},"breadcrumb":{"@id":"https:\/\/job4miouest.fr\/index.php\/2019\/05\/20\/test\/#breadcrumb"},"inLanguage":"fr-FR","potentialAction":[{"@type":"ReadAction","target":["https:\/\/job4miouest.fr\/index.php\/2019\/05\/20\/test\/"]}]},{"@type":"ImageObject","inLanguage":"fr-FR","@id":"https:\/\/job4miouest.fr\/index.php\/2019\/05\/20\/test\/#primaryimage","url":"https:\/\/job4miouest.fr\/wp-content\/uploads\/2020\/12\/Actu_Semaine-proprete_lg.png","contentUrl":"https:\/\/job4miouest.fr\/wp-content\/uploads\/2020\/12\/Actu_Semaine-proprete_lg.png","width":413,"height":360,"caption":"Actu_Semaine proprete_lg"},{"@type":"BreadcrumbList","@id":"https:\/\/job4miouest.fr\/index.php\/2019\/05\/20\/test\/#breadcrumb","itemListElement":[{"@type":"ListItem","position":1,"name":"Accueil","item":"http:\/\/job4miouest.fr\/"},{"@type":"ListItem","position":2,"name":"Semaine de la propret\u00e9 2019"}]},{"@type":"WebSite","@id":"http:\/\/job4miouest.fr\/#website","url":"http:\/\/job4miouest.fr\/","name":"Job4mi Ouest","description":"Ensemble, parcourons les chemins de l\u2019int\u00e9gration par l\u2019emploi","potentialAction":[{"@type":"SearchAction","target":{"@type":"EntryPoint","urlTemplate":"http:\/\/job4miouest.fr\/?s={search_term_string}"},"query-input":{"@type":"PropertyValueSpecification","valueRequired":true,"valueName":"search_term_string"}}],"inLanguage":"fr-FR"},{"@type":"Person","@id":"http:\/\/job4miouest.fr\/#\/schema\/person\/2d6705e4e7cd8bb52db796ab09946ab9","name":"Olivier Richard","image":{"@type":"ImageObject","inLanguage":"fr-FR","@id":"http:\/\/job4miouest.fr\/#\/schema\/person\/image\/","url":"https:\/\/secure.gravatar.com\/avatar\/b7e927ccb688b0eeb8152a95c346431b3944bab6ca32141203cfdb8af5a3f251?s=96&d=mm&r=g","contentUrl":"https:\/\/secure.gravatar.com\/avatar\/b7e927ccb688b0eeb8152a95c346431b3944bab6ca32141203cfdb8af5a3f251?s=96&d=mm&r=g","caption":"Olivier Richard"},"url":"https:\/\/job4miouest.fr\/index.php\/author\/orichard\/"}]}},"rttpg_featured_image_url":{"full":["https:\/\/job4miouest.fr\/wp-content\/uploads\/2020\/12\/Actu_Semaine-proprete_lg.png",413,360,false],"landscape":["https:\/\/job4miouest.fr\/wp-content\/uploads\/2020\/12\/Actu_Semaine-proprete_lg.png",413,360,false],"portraits":["https:\/\/job4miouest.fr\/wp-content\/uploads\/2020\/12\/Actu_Semaine-proprete_lg.png",413,360,false],"thumbnail":["https:\/\/job4miouest.fr\/wp-content\/uploads\/2020\/12\/Actu_Semaine-proprete_lg-150x150.png",150,150,true],"medium":["https:\/\/job4miouest.fr\/wp-content\/uploads\/2020\/12\/Actu_Semaine-proprete_lg-300x262.png",300,262,true],"large":["https:\/\/job4miouest.fr\/wp-content\/uploads\/2020\/12\/Actu_Semaine-proprete_lg.png",413,360,false],"1536x1536":["https:\/\/job4miouest.fr\/wp-content\/uploads\/2020\/12\/Actu_Semaine-proprete_lg.png",413,360,false],"2048x2048":["https:\/\/job4miouest.fr\/wp-content\/uploads\/2020\/12\/Actu_Semaine-proprete_lg.png",413,360,false],"widget-thumbnail":["https:\/\/job4miouest.fr\/wp-content\/uploads\/2020\/12\/Actu_Semaine-proprete_lg-75x75.png",75,75,true],"320w":["https:\/\/job4miouest.fr\/wp-content\/uploads\/2020\/12\/Actu_Semaine-proprete_lg.png",320,279,false],"480w":["https:\/\/job4miouest.fr\/wp-content\/uploads\/2020\/12\/Actu_Semaine-proprete_lg.png",413,360,false],"800w":["https:\/\/job4miouest.fr\/wp-content\/uploads\/2020\/12\/Actu_Semaine-proprete_lg.png",413,360,false],"menu-24x24":["https:\/\/job4miouest.fr\/wp-content\/uploads\/2020\/12\/Actu_Semaine-proprete_lg-24x21.png",24,21,true],"menu-36x36":["https:\/\/job4miouest.fr\/wp-content\/uploads\/2020\/12\/Actu_Semaine-proprete_lg-36x31.png",36,31,true],"menu-48x48":["https:\/\/job4miouest.fr\/wp-content\/uploads\/2020\/12\/Actu_Semaine-proprete_lg-48x42.png",48,42,true]},"rttpg_author":{"display_name":"Olivier Richard","author_link":"https:\/\/job4miouest.fr\/index.php\/author\/orichard\/"},"rttpg_comment":1,"rttpg_category":"<a href=\"https:\/\/job4miouest.fr\/index.php\/category\/evenement\/\" rel=\"category tag\">Ev\u00e8nement<\/a>","rttpg_excerpt":"Des b\u00e9n\u00e9voles de Job4MiOuest ont accompagn\u00e9 des candidats \u00e0 des emplois dans le secteur de la propret\u00e9, lors de la semaine de la propret\u00e9, en&hellip;","_links":{"self":[{"href":"https:\/\/job4miouest.fr\/index.php\/wp-json\/wp\/v2\/posts\/406","targetHints":{"allow":["GET"]}}],"collection":[{"href":"https:\/\/job4miouest.fr\/index.php\/wp-json\/wp\/v2\/posts"}],"about":[{"href":"https:\/\/job4miouest.fr\/index.php\/wp-json\/wp\/v2\/types\/post"}],"author":[{"embeddable":true,"href":"https:\/\/job4miouest.fr\/index.php\/wp-json\/wp\/v2\/users\/2"}],"replies":[{"embeddable":true,"href":"https:\/\/job4miouest.fr\/index.php\/wp-json\/wp\/v2\/comments?post=406"}],"version-history":[{"count":1,"href":"https:\/\/job4miouest.fr\/index.php\/wp-json\/wp\/v2\/posts\/406\/revisions"}],"predecessor-version":[{"id":658,"href":"https:\/\/job4miouest.fr\/index.php\/wp-json\/wp\/v2\/posts\/406\/revisions\/658"}],"wp:featuredmedia":[{"embeddable":true,"href":"https:\/\/job4miouest.fr\/index.php\/wp-json\/wp\/v2\/media\/417"}],"wp:attachment":[{"href":"https:\/\/job4miouest.fr\/index.php\/wp-json\/wp\/v2\/media?parent=406"}],"wp:term":[{"taxonomy":"category","embeddable":true,"href":"https:\/\/job4miouest.fr\/index.php\/wp-json\/wp\/v2\/categories?post=406"},{"taxonomy":"post_tag","embeddable":true,"href":"https:\/\/job4miouest.fr\/index.php\/wp-json\/wp\/v2\/tags?post=406"}],"curies":[{"name":"wp","href":"https:\/\/api.w.org\/{rel}","templated":true}]}}