{"id":1566,"date":"2021-06-07T23:40:29","date_gmt":"2021-06-07T21:40:29","guid":{"rendered":"http:\/\/job4miouest.fr\/?p=1566"},"modified":"2021-09-01T22:54:24","modified_gmt":"2021-09-01T20:54:24","slug":"assemblee-generale-de-job4mi-ouest-3-juin-2021","status":"publish","type":"post","link":"https:\/\/job4miouest.fr\/index.php\/2021\/06\/07\/assemblee-generale-de-job4mi-ouest-3-juin-2021\/","title":{"rendered":"Assembl\u00e9e g\u00e9n\u00e9rale, 3 juin 2021"},"content":{"rendered":"<p>37 personnes ont particip\u00e9 \u00e0 l\u2019AG de Job4Mi Ouest, 26 en pr\u00e9sentiel et 11 \u00e0 distance. L\u2019AG a approuv\u00e9 le CR d\u2019activit\u00e9 et les comptes 2020, et a \u00e9lu Hugues de Neuville comme administrateur en remplacement de Boris Bailly.<\/p>\n<p>L\u2019AG a permis d\u2019entendre les t\u00e9moignages de Caroline Challan-Belval, responsable du centre de formation de VINCI \u00e0 Bouff\u00e9r\u00e9, au sujet de l\u2019int\u00e9gration de Ziada Mohamed en contrat de professionnalisation coffreur-bancheur, de Yohann Hardy de l\u2019association Aurore, et de Prisca Gankou Fakanie qui a pu partager son exp\u00e9rience d\u2019aide-soignante \u00e0 la Maison du Bon Pasteur.<\/p>\n<p>Les nouvelles proc\u00e9dures de demande d\u2019autorisation de travail pour les demandeurs d\u2019asile ont \u00e9t\u00e9 \u00e9voqu\u00e9es par Soizic Le Tailleur (L\u00e9o Lagrange) qui les a exp\u00e9riment\u00e9es, avec succ\u00e8s, et Catherine Tison (U Logistique) a fait part de l\u2019int\u00e9gration r\u00e9ussie des 4 premiers salari\u00e9s en d\u00e9cembre 2018, suivis par une nouvelle phase avec deux nouvelles embauches en 2021.<\/p>\n<p>Rudolphe Pennec (ADC Propret\u00e9) et Anne-Sophie Meysselle (Solidarit\u00e9 Grand Ouest) ont pr\u00e9sent\u00e9 la campagne de crowdfunding pour Job4Mi Ouest.<\/p>\n<p>Enfin, les orientations pour l\u2019ann\u00e9e \u00e0 venir ont \u00e9t\u00e9 valid\u00e9es\u00a0: poursuite de l\u2019effort de recrutement autant pour les demandeurs d\u2019asile que pour les titres de s\u00e9jour, d\u00e9veloppement des moyens de mobilit\u00e9, fid\u00e9lisation des employeurs, partenariat avec les autres associations. Les participants ont ajout\u00e9 la question du logement pour les emplois hors agglom\u00e9ration, et la participation des personnes migrantes \u00e0 la gouvernance de l\u2019association.<\/p>\n<p>Compte-rendu de l&rsquo;AG \u00e0 consulter <a href=\"http:\/\/job4miouest.fr\/wp-content\/uploads\/2021\/06\/CR-AG-03Juin2021-vf-2.pdf\">en cliquant ici<\/a>.<\/p>\n<p>Les moments forts de notre Assembl\u00e9e G\u00e9n\u00e9rale sont \u00e0 retrouver ici :<\/p>\n<p><strong>T\u00e9moignage de Caroline Challan-Belval sur l&rsquo;int\u00e9gration de Ziada Mohamed en alternance coffreur-brancheur au sein de Vinci Construction<\/strong><\/p>\n<p><iframe loading=\"lazy\" title=\"t\u00e9moignage Vinci Construction\" width=\"843\" height=\"474\" src=\"https:\/\/www.youtube.com\/embed\/uGOmyGbKcGU?feature=oembed\" frameborder=\"0\" allow=\"accelerometer; autoplay; clipboard-write; encrypted-media; gyroscope; picture-in-picture\" allowfullscreen><\/iframe><\/p>\n<p><strong>T\u00e9moignage de Catherine Tison sur l&rsquo;int\u00e9gration de 6 personnes migrantes au sein de U-Logistique<\/strong><\/p>\n<p><iframe loading=\"lazy\" title=\"U-log\" width=\"843\" height=\"474\" src=\"https:\/\/www.youtube.com\/embed\/5l1VsL0rr0I?feature=oembed\" frameborder=\"0\" allow=\"accelerometer; autoplay; clipboard-write; encrypted-media; gyroscope; picture-in-picture\" allowfullscreen><\/iframe><\/p>\n<p><strong>T\u00e9moignage de Prisca Gankou, demandeuse d&rsquo;asile, au sujet de son int\u00e9gration en tant qu&rsquo;aide soignante en Ehpad depuis octobre 2020<\/strong><\/p>\n<p><iframe loading=\"lazy\" title=\"Prisca gankou\" width=\"843\" height=\"474\" src=\"https:\/\/www.youtube.com\/embed\/_LO11fEtGL8?feature=oembed\" frameborder=\"0\" allow=\"accelerometer; autoplay; clipboard-write; encrypted-media; gyroscope; picture-in-picture\" allowfullscreen><\/iframe><\/p>\n<p><strong>T\u00e9moignage de Soizic Letailleur sur le recrutement des personnes migrantes au sein de L\u00e9o Lagrange<\/strong><\/p>\n<p><iframe loading=\"lazy\" title=\"L\u00e9oLagrange recrutement\" width=\"843\" height=\"474\" src=\"https:\/\/www.youtube.com\/embed\/ikWOyIpkF4c?feature=oembed\" frameborder=\"0\" allow=\"accelerometer; autoplay; clipboard-write; encrypted-media; gyroscope; picture-in-picture\" allowfullscreen><\/iframe><\/p>\n<p><strong>T\u00e9moignage de Soizic Letailleur, L\u00e9o Lagrange, au sujet de l&rsquo;utilisation de la nouvelle plateforme de d\u00e9livrance d&rsquo;autorisation de travail pour les demandeurs d&rsquo;asile<\/strong><\/p>\n<p><iframe loading=\"lazy\" title=\"L\u00e9o Lagrange plateforme\" width=\"843\" height=\"474\" src=\"https:\/\/www.youtube.com\/embed\/MXgahr_O1zQ?feature=oembed\" frameborder=\"0\" allow=\"accelerometer; autoplay; clipboard-write; encrypted-media; gyroscope; picture-in-picture\" allowfullscreen><\/iframe><\/p>\n<p><strong>T\u00e9moignage de Rudolph Pennec au sujet de l&rsquo;int\u00e9gration des personnes migrantes au sein d&rsquo;ADC Propret\u00e9<\/strong><\/p>\n<p><iframe loading=\"lazy\" title=\"ADC propret\u00e9\" width=\"843\" height=\"474\" src=\"https:\/\/www.youtube.com\/embed\/hQzyRw7bhbQ?feature=oembed\" frameborder=\"0\" allow=\"accelerometer; autoplay; clipboard-write; encrypted-media; gyroscope; picture-in-picture\" allowfullscreen><\/iframe><\/p>\n","protected":false},"excerpt":{"rendered":"<p>37 personnes ont particip\u00e9 \u00e0 l\u2019AG de Job4Mi Ouest, 26 en pr\u00e9sentiel et 11 \u00e0 distance. L\u2019AG a approuv\u00e9 le CR d\u2019activit\u00e9 et les comptes&hellip;<\/p>\n","protected":false},"author":5,"featured_media":1567,"comment_status":"closed","ping_status":"closed","sticky":false,"template":"","format":"standard","meta":{"footnotes":""},"categories":[6],"tags":[],"class_list":["post-1566","post","type-post","status-publish","format-standard","has-post-thumbnail","hentry","category-association"],"yoast_head":"<!-- This site is optimized with the Yoast SEO plugin v24.9 - https:\/\/yoast.com\/wordpress\/plugins\/seo\/ -->\n<title>Assembl\u00e9e g\u00e9n\u00e9rale, 3 juin 2021 - Job4mi Ouest<\/title>\n<meta name=\"robots\" content=\"index, follow, max-snippet:-1, max-image-preview:large, max-video-preview:-1\" \/>\n<link rel=\"canonical\" href=\"https:\/\/job4miouest.fr\/index.php\/2021\/06\/07\/assemblee-generale-de-job4mi-ouest-3-juin-2021\/\" \/>\n<meta property=\"og:locale\" content=\"fr_FR\" \/>\n<meta property=\"og:type\" content=\"article\" \/>\n<meta property=\"og:title\" content=\"Assembl\u00e9e g\u00e9n\u00e9rale, 3 juin 2021 - Job4mi Ouest\" \/>\n<meta property=\"og:description\" content=\"37 personnes ont particip\u00e9 \u00e0 l\u2019AG de Job4Mi Ouest, 26 en pr\u00e9sentiel et 11 \u00e0 distance. L\u2019AG a approuv\u00e9 le CR d\u2019activit\u00e9 et les comptes&hellip;\" \/>\n<meta property=\"og:url\" content=\"https:\/\/job4miouest.fr\/index.php\/2021\/06\/07\/assemblee-generale-de-job4mi-ouest-3-juin-2021\/\" \/>\n<meta property=\"og:site_name\" content=\"Job4mi Ouest\" \/>\n<meta property=\"article:published_time\" content=\"2021-06-07T21:40:29+00:00\" \/>\n<meta property=\"article:modified_time\" content=\"2021-09-01T20:54:24+00:00\" \/>\n<meta property=\"og:image\" content=\"https:\/\/job4miouest.fr\/wp-content\/uploads\/2021\/06\/AG-Job4Mi-juin-2021-scaled.jpg\" \/>\n\t<meta property=\"og:image:width\" content=\"2560\" \/>\n\t<meta property=\"og:image:height\" content=\"1180\" \/>\n\t<meta property=\"og:image:type\" content=\"image\/jpeg\" \/>\n<meta name=\"author\" content=\"Arnaud Ducrest\" \/>\n<meta name=\"twitter:card\" content=\"summary_large_image\" \/>\n<meta name=\"twitter:label1\" content=\"\u00c9crit par\" \/>\n\t<meta name=\"twitter:data1\" content=\"Arnaud Ducrest\" \/>\n\t<meta name=\"twitter:label2\" content=\"Dur\u00e9e de lecture estim\u00e9e\" \/>\n\t<meta name=\"twitter:data2\" content=\"2 minutes\" \/>\n<script type=\"application\/ld+json\" class=\"yoast-schema-graph\">{\"@context\":\"https:\/\/schema.org\",\"@graph\":[{\"@type\":\"WebPage\",\"@id\":\"https:\/\/job4miouest.fr\/index.php\/2021\/06\/07\/assemblee-generale-de-job4mi-ouest-3-juin-2021\/\",\"url\":\"https:\/\/job4miouest.fr\/index.php\/2021\/06\/07\/assemblee-generale-de-job4mi-ouest-3-juin-2021\/\",\"name\":\"Assembl\u00e9e g\u00e9n\u00e9rale, 3 juin 2021 - Job4mi Ouest\",\"isPartOf\":{\"@id\":\"http:\/\/job4miouest.fr\/#website\"},\"primaryImageOfPage\":{\"@id\":\"https:\/\/job4miouest.fr\/index.php\/2021\/06\/07\/assemblee-generale-de-job4mi-ouest-3-juin-2021\/#primaryimage\"},\"image\":{\"@id\":\"https:\/\/job4miouest.fr\/index.php\/2021\/06\/07\/assemblee-generale-de-job4mi-ouest-3-juin-2021\/#primaryimage\"},\"thumbnailUrl\":\"https:\/\/job4miouest.fr\/wp-content\/uploads\/2021\/06\/AG-Job4Mi-juin-2021-scaled.jpg\",\"datePublished\":\"2021-06-07T21:40:29+00:00\",\"dateModified\":\"2021-09-01T20:54:24+00:00\",\"author\":{\"@id\":\"http:\/\/job4miouest.fr\/#\/schema\/person\/2f4b57e5c0f01faf1b15ed603ed2716f\"},\"breadcrumb\":{\"@id\":\"https:\/\/job4miouest.fr\/index.php\/2021\/06\/07\/assemblee-generale-de-job4mi-ouest-3-juin-2021\/#breadcrumb\"},\"inLanguage\":\"fr-FR\",\"potentialAction\":[{\"@type\":\"ReadAction\",\"target\":[\"https:\/\/job4miouest.fr\/index.php\/2021\/06\/07\/assemblee-generale-de-job4mi-ouest-3-juin-2021\/\"]}]},{\"@type\":\"ImageObject\",\"inLanguage\":\"fr-FR\",\"@id\":\"https:\/\/job4miouest.fr\/index.php\/2021\/06\/07\/assemblee-generale-de-job4mi-ouest-3-juin-2021\/#primaryimage\",\"url\":\"https:\/\/job4miouest.fr\/wp-content\/uploads\/2021\/06\/AG-Job4Mi-juin-2021-scaled.jpg\",\"contentUrl\":\"https:\/\/job4miouest.fr\/wp-content\/uploads\/2021\/06\/AG-Job4Mi-juin-2021-scaled.jpg\",\"width\":2560,\"height\":1180,\"caption\":\"AG juin 2021\"},{\"@type\":\"BreadcrumbList\",\"@id\":\"https:\/\/job4miouest.fr\/index.php\/2021\/06\/07\/assemblee-generale-de-job4mi-ouest-3-juin-2021\/#breadcrumb\",\"itemListElement\":[{\"@type\":\"ListItem\",\"position\":1,\"name\":\"Accueil\",\"item\":\"http:\/\/job4miouest.fr\/\"},{\"@type\":\"ListItem\",\"position\":2,\"name\":\"Assembl\u00e9e g\u00e9n\u00e9rale, 3 juin 2021\"}]},{\"@type\":\"WebSite\",\"@id\":\"http:\/\/job4miouest.fr\/#website\",\"url\":\"http:\/\/job4miouest.fr\/\",\"name\":\"Job4mi Ouest\",\"description\":\"Ensemble, parcourons les chemins de l\u2019int\u00e9gration par l\u2019emploi\",\"potentialAction\":[{\"@type\":\"SearchAction\",\"target\":{\"@type\":\"EntryPoint\",\"urlTemplate\":\"http:\/\/job4miouest.fr\/?s={search_term_string}\"},\"query-input\":{\"@type\":\"PropertyValueSpecification\",\"valueRequired\":true,\"valueName\":\"search_term_string\"}}],\"inLanguage\":\"fr-FR\"},{\"@type\":\"Person\",\"@id\":\"http:\/\/job4miouest.fr\/#\/schema\/person\/2f4b57e5c0f01faf1b15ed603ed2716f\",\"name\":\"Arnaud Ducrest\",\"image\":{\"@type\":\"ImageObject\",\"inLanguage\":\"fr-FR\",\"@id\":\"http:\/\/job4miouest.fr\/#\/schema\/person\/image\/\",\"url\":\"https:\/\/secure.gravatar.com\/avatar\/7e1aa3f717214a05268a6a0a68bc122550f2a6d52160f56c802e8d864c870170?s=96&d=mm&r=g\",\"contentUrl\":\"https:\/\/secure.gravatar.com\/avatar\/7e1aa3f717214a05268a6a0a68bc122550f2a6d52160f56c802e8d864c870170?s=96&d=mm&r=g\",\"caption\":\"Arnaud Ducrest\"},\"url\":\"https:\/\/job4miouest.fr\/index.php\/author\/aducrest\/\"}]}<\/script>\n<!-- \/ Yoast SEO plugin. -->","yoast_head_json":{"title":"Assembl\u00e9e g\u00e9n\u00e9rale, 3 juin 2021 - Job4mi Ouest","robots":{"index":"index","follow":"follow","max-snippet":"max-snippet:-1","max-image-preview":"max-image-preview:large","max-video-preview":"max-video-preview:-1"},"canonical":"https:\/\/job4miouest.fr\/index.php\/2021\/06\/07\/assemblee-generale-de-job4mi-ouest-3-juin-2021\/","og_locale":"fr_FR","og_type":"article","og_title":"Assembl\u00e9e g\u00e9n\u00e9rale, 3 juin 2021 - Job4mi Ouest","og_description":"37 personnes ont particip\u00e9 \u00e0 l\u2019AG de Job4Mi Ouest, 26 en pr\u00e9sentiel et 11 \u00e0 distance. L\u2019AG a approuv\u00e9 le CR d\u2019activit\u00e9 et les comptes&hellip;","og_url":"https:\/\/job4miouest.fr\/index.php\/2021\/06\/07\/assemblee-generale-de-job4mi-ouest-3-juin-2021\/","og_site_name":"Job4mi Ouest","article_published_time":"2021-06-07T21:40:29+00:00","article_modified_time":"2021-09-01T20:54:24+00:00","og_image":[{"width":2560,"height":1180,"url":"https:\/\/job4miouest.fr\/wp-content\/uploads\/2021\/06\/AG-Job4Mi-juin-2021-scaled.jpg","type":"image\/jpeg"}],"author":"Arnaud Ducrest","twitter_card":"summary_large_image","twitter_misc":{"\u00c9crit par":"Arnaud Ducrest","Dur\u00e9e de lecture estim\u00e9e":"2 minutes"},"schema":{"@context":"https:\/\/schema.org","@graph":[{"@type":"WebPage","@id":"https:\/\/job4miouest.fr\/index.php\/2021\/06\/07\/assemblee-generale-de-job4mi-ouest-3-juin-2021\/","url":"https:\/\/job4miouest.fr\/index.php\/2021\/06\/07\/assemblee-generale-de-job4mi-ouest-3-juin-2021\/","name":"Assembl\u00e9e g\u00e9n\u00e9rale, 3 juin 2021 - Job4mi Ouest","isPartOf":{"@id":"http:\/\/job4miouest.fr\/#website"},"primaryImageOfPage":{"@id":"https:\/\/job4miouest.fr\/index.php\/2021\/06\/07\/assemblee-generale-de-job4mi-ouest-3-juin-2021\/#primaryimage"},"image":{"@id":"https:\/\/job4miouest.fr\/index.php\/2021\/06\/07\/assemblee-generale-de-job4mi-ouest-3-juin-2021\/#primaryimage"},"thumbnailUrl":"https:\/\/job4miouest.fr\/wp-content\/uploads\/2021\/06\/AG-Job4Mi-juin-2021-scaled.jpg","datePublished":"2021-06-07T21:40:29+00:00","dateModified":"2021-09-01T20:54:24+00:00","author":{"@id":"http:\/\/job4miouest.fr\/#\/schema\/person\/2f4b57e5c0f01faf1b15ed603ed2716f"},"breadcrumb":{"@id":"https:\/\/job4miouest.fr\/index.php\/2021\/06\/07\/assemblee-generale-de-job4mi-ouest-3-juin-2021\/#breadcrumb"},"inLanguage":"fr-FR","potentialAction":[{"@type":"ReadAction","target":["https:\/\/job4miouest.fr\/index.php\/2021\/06\/07\/assemblee-generale-de-job4mi-ouest-3-juin-2021\/"]}]},{"@type":"ImageObject","inLanguage":"fr-FR","@id":"https:\/\/job4miouest.fr\/index.php\/2021\/06\/07\/assemblee-generale-de-job4mi-ouest-3-juin-2021\/#primaryimage","url":"https:\/\/job4miouest.fr\/wp-content\/uploads\/2021\/06\/AG-Job4Mi-juin-2021-scaled.jpg","contentUrl":"https:\/\/job4miouest.fr\/wp-content\/uploads\/2021\/06\/AG-Job4Mi-juin-2021-scaled.jpg","width":2560,"height":1180,"caption":"AG juin 2021"},{"@type":"BreadcrumbList","@id":"https:\/\/job4miouest.fr\/index.php\/2021\/06\/07\/assemblee-generale-de-job4mi-ouest-3-juin-2021\/#breadcrumb","itemListElement":[{"@type":"ListItem","position":1,"name":"Accueil","item":"http:\/\/job4miouest.fr\/"},{"@type":"ListItem","position":2,"name":"Assembl\u00e9e g\u00e9n\u00e9rale, 3 juin 2021"}]},{"@type":"WebSite","@id":"http:\/\/job4miouest.fr\/#website","url":"http:\/\/job4miouest.fr\/","name":"Job4mi Ouest","description":"Ensemble, parcourons les chemins de l\u2019int\u00e9gration par l\u2019emploi","potentialAction":[{"@type":"SearchAction","target":{"@type":"EntryPoint","urlTemplate":"http:\/\/job4miouest.fr\/?s={search_term_string}"},"query-input":{"@type":"PropertyValueSpecification","valueRequired":true,"valueName":"search_term_string"}}],"inLanguage":"fr-FR"},{"@type":"Person","@id":"http:\/\/job4miouest.fr\/#\/schema\/person\/2f4b57e5c0f01faf1b15ed603ed2716f","name":"Arnaud Ducrest","image":{"@type":"ImageObject","inLanguage":"fr-FR","@id":"http:\/\/job4miouest.fr\/#\/schema\/person\/image\/","url":"https:\/\/secure.gravatar.com\/avatar\/7e1aa3f717214a05268a6a0a68bc122550f2a6d52160f56c802e8d864c870170?s=96&d=mm&r=g","contentUrl":"https:\/\/secure.gravatar.com\/avatar\/7e1aa3f717214a05268a6a0a68bc122550f2a6d52160f56c802e8d864c870170?s=96&d=mm&r=g","caption":"Arnaud Ducrest"},"url":"https:\/\/job4miouest.fr\/index.php\/author\/aducrest\/"}]}},"rttpg_featured_image_url":{"full":["https:\/\/job4miouest.fr\/wp-content\/uploads\/2021\/06\/AG-Job4Mi-juin-2021-scaled.jpg",2560,1180,false],"landscape":["https:\/\/job4miouest.fr\/wp-content\/uploads\/2021\/06\/AG-Job4Mi-juin-2021-scaled.jpg",2560,1180,false],"portraits":["https:\/\/job4miouest.fr\/wp-content\/uploads\/2021\/06\/AG-Job4Mi-juin-2021-scaled.jpg",2560,1180,false],"thumbnail":["https:\/\/job4miouest.fr\/wp-content\/uploads\/2021\/06\/AG-Job4Mi-juin-2021-150x150.jpg",150,150,true],"medium":["https:\/\/job4miouest.fr\/wp-content\/uploads\/2021\/06\/AG-Job4Mi-juin-2021-300x138.jpg",300,138,true],"large":["https:\/\/job4miouest.fr\/wp-content\/uploads\/2021\/06\/AG-Job4Mi-juin-2021-1024x472.jpg",843,389,true],"1536x1536":["https:\/\/job4miouest.fr\/wp-content\/uploads\/2021\/06\/AG-Job4Mi-juin-2021-1536x708.jpg",1536,708,true],"2048x2048":["https:\/\/job4miouest.fr\/wp-content\/uploads\/2021\/06\/AG-Job4Mi-juin-2021-2048x944.jpg",2048,944,true],"widget-thumbnail":["https:\/\/job4miouest.fr\/wp-content\/uploads\/2021\/06\/AG-Job4Mi-juin-2021-75x75.jpg",75,75,true],"320w":["https:\/\/job4miouest.fr\/wp-content\/uploads\/2021\/06\/AG-Job4Mi-juin-2021-scaled.jpg",320,148,false],"480w":["https:\/\/job4miouest.fr\/wp-content\/uploads\/2021\/06\/AG-Job4Mi-juin-2021-scaled.jpg",480,221,false],"800w":["https:\/\/job4miouest.fr\/wp-content\/uploads\/2021\/06\/AG-Job4Mi-juin-2021-scaled.jpg",800,369,false],"menu-24x24":["https:\/\/job4miouest.fr\/wp-content\/uploads\/2021\/06\/AG-Job4Mi-juin-2021-24x11.jpg",24,11,true],"menu-36x36":["https:\/\/job4miouest.fr\/wp-content\/uploads\/2021\/06\/AG-Job4Mi-juin-2021-36x17.jpg",36,17,true],"menu-48x48":["https:\/\/job4miouest.fr\/wp-content\/uploads\/2021\/06\/AG-Job4Mi-juin-2021-48x22.jpg",48,22,true]},"rttpg_author":{"display_name":"Arnaud Ducrest","author_link":"https:\/\/job4miouest.fr\/index.php\/author\/aducrest\/"},"rttpg_comment":0,"rttpg_category":"<a href=\"https:\/\/job4miouest.fr\/index.php\/category\/association\/\" rel=\"category tag\">Association<\/a>","rttpg_excerpt":"37 personnes ont particip\u00e9 \u00e0 l\u2019AG de Job4Mi Ouest, 26 en pr\u00e9sentiel et 11 \u00e0 distance. L\u2019AG a approuv\u00e9 le CR d\u2019activit\u00e9 et les comptes&hellip;","_links":{"self":[{"href":"https:\/\/job4miouest.fr\/index.php\/wp-json\/wp\/v2\/posts\/1566","targetHints":{"allow":["GET"]}}],"collection":[{"href":"https:\/\/job4miouest.fr\/index.php\/wp-json\/wp\/v2\/posts"}],"about":[{"href":"https:\/\/job4miouest.fr\/index.php\/wp-json\/wp\/v2\/types\/post"}],"author":[{"embeddable":true,"href":"https:\/\/job4miouest.fr\/index.php\/wp-json\/wp\/v2\/users\/5"}],"replies":[{"embeddable":true,"href":"https:\/\/job4miouest.fr\/index.php\/wp-json\/wp\/v2\/comments?post=1566"}],"version-history":[{"count":6,"href":"https:\/\/job4miouest.fr\/index.php\/wp-json\/wp\/v2\/posts\/1566\/revisions"}],"predecessor-version":[{"id":1607,"href":"https:\/\/job4miouest.fr\/index.php\/wp-json\/wp\/v2\/posts\/1566\/revisions\/1607"}],"wp:featuredmedia":[{"embeddable":true,"href":"https:\/\/job4miouest.fr\/index.php\/wp-json\/wp\/v2\/media\/1567"}],"wp:attachment":[{"href":"https:\/\/job4miouest.fr\/index.php\/wp-json\/wp\/v2\/media?parent=1566"}],"wp:term":[{"taxonomy":"category","embeddable":true,"href":"https:\/\/job4miouest.fr\/index.php\/wp-json\/wp\/v2\/categories?post=1566"},{"taxonomy":"post_tag","embeddable":true,"href":"https:\/\/job4miouest.fr\/index.php\/wp-json\/wp\/v2\/tags?post=1566"}],"curies":[{"name":"wp","href":"https:\/\/api.w.org\/{rel}","templated":true}]}}