{"id":1891,"date":"2023-11-21T13:41:44","date_gmt":"2023-11-21T12:41:44","guid":{"rendered":"https:\/\/job4miouest.fr\/?p=1891"},"modified":"2023-11-21T13:44:48","modified_gmt":"2023-11-21T12:44:48","slug":"une-convention-partenariale-pour-le-developpement-economique-des-maraichers-nantais-favorisant-la-diversite-et-linclusion","status":"publish","type":"post","link":"http:\/\/job4miouest.fr\/index.php\/2023\/11\/21\/une-convention-partenariale-pour-le-developpement-economique-des-maraichers-nantais-favorisant-la-diversite-et-linclusion\/","title":{"rendered":"Une convention partenariale avec la F\u00e9d\u00e9ration des Maraichers Nantais"},"content":{"rendered":"<p>L\u2019association Job4Mi Ouest est heureuse de vous annoncer un nouveau partenariat avec la F\u00e9d\u00e9ration des Maraicher Nantais. En effet, depuis le 5 octobre une convention a \u00e9t\u00e9 sign\u00e9e avec pour objectifs : le d\u00e9veloppement \u00e9conomique du secteur ainsi que la diversit\u00e9 et l\u2019inclusion au sein des entreprises membres.<\/p>\n<p>La F\u00e9d\u00e9ration des Mara\u00eechers Nantais est un syndicat ind\u00e9pendant, regroupant uniquement des mara\u00eechers, et dont la mission est d&rsquo;accompagner le d\u00e9veloppement des entreprises, de d\u00e9fendre les int\u00e9r\u00eats collectifs et moraux de ses adh\u00e9rents et de promouvoir la fili\u00e8re, les cultures, les m\u00e9tiers. En association avec Job4Mi Ouest, ce partenariat permettra de lutter contre un manque de main d\u2019\u0153uvre important dans le secteur du mara\u00eechage. Ce sont plus de 40 emplois qui ont d\u00e9j\u00e0 \u00e9t\u00e9 pourvus dans ce secteur cette ann\u00e9e.<\/p>\n<p>Durant la saison, ce sont plus de 1000 ETP qui sont n\u00e9cessaires pour assurer le bon fonctionnement de tout le syst\u00e8me de production\u00a0: aujourd\u2019hui les employeurs se tournent donc vers une main d\u2019\u0153uvre moins qualifi\u00e9e et s\u2019ouvrent \u00e0 tous les profils, notamment les personnes \u00e9trang\u00e8res.<\/p>\n","protected":false},"excerpt":{"rendered":"<p>L\u2019association Job4Mi Ouest est heureuse de vous annoncer un nouveau partenariat avec la F\u00e9d\u00e9ration des Maraicher Nantais. En effet, depuis le 5 octobre une convention&hellip;<\/p>\n","protected":false},"author":7,"featured_media":1892,"comment_status":"closed","ping_status":"closed","sticky":false,"template":"","format":"standard","meta":{"footnotes":""},"categories":[5],"tags":[],"class_list":["post-1891","post","type-post","status-publish","format-standard","has-post-thumbnail","hentry","category-evenement"],"yoast_head":"<!-- This site is optimized with the Yoast SEO plugin v24.9 - https:\/\/yoast.com\/wordpress\/plugins\/seo\/ -->\n<title>Une convention partenariale avec la F\u00e9d\u00e9ration des Maraichers Nantais - Job4mi Ouest<\/title>\n<meta name=\"robots\" content=\"index, follow, max-snippet:-1, max-image-preview:large, max-video-preview:-1\" \/>\n<link rel=\"canonical\" href=\"http:\/\/job4miouest.fr\/index.php\/2023\/11\/21\/une-convention-partenariale-pour-le-developpement-economique-des-maraichers-nantais-favorisant-la-diversite-et-linclusion\/\" \/>\n<meta property=\"og:locale\" content=\"fr_FR\" \/>\n<meta property=\"og:type\" content=\"article\" \/>\n<meta property=\"og:title\" content=\"Une convention partenariale avec la F\u00e9d\u00e9ration des Maraichers Nantais - Job4mi Ouest\" \/>\n<meta property=\"og:description\" content=\"L\u2019association Job4Mi Ouest est heureuse de vous annoncer un nouveau partenariat avec la F\u00e9d\u00e9ration des Maraicher Nantais. En effet, depuis le 5 octobre une convention&hellip;\" \/>\n<meta property=\"og:url\" content=\"http:\/\/job4miouest.fr\/index.php\/2023\/11\/21\/une-convention-partenariale-pour-le-developpement-economique-des-maraichers-nantais-favorisant-la-diversite-et-linclusion\/\" \/>\n<meta property=\"og:site_name\" content=\"Job4mi Ouest\" \/>\n<meta property=\"article:published_time\" content=\"2023-11-21T12:41:44+00:00\" \/>\n<meta property=\"article:modified_time\" content=\"2023-11-21T12:44:48+00:00\" \/>\n<meta property=\"og:image\" content=\"http:\/\/job4miouest.fr\/wp-content\/uploads\/2023\/11\/Photo-convention-FMN_1.jpg\" \/>\n\t<meta property=\"og:image:width\" content=\"2080\" \/>\n\t<meta property=\"og:image:height\" content=\"1560\" \/>\n\t<meta property=\"og:image:type\" content=\"image\/jpeg\" \/>\n<meta name=\"author\" content=\"Amandine Dampierre-Pecnik\" \/>\n<meta name=\"twitter:card\" content=\"summary_large_image\" \/>\n<meta name=\"twitter:label1\" content=\"\u00c9crit par\" \/>\n\t<meta name=\"twitter:data1\" content=\"Amandine Dampierre-Pecnik\" \/>\n\t<meta name=\"twitter:label2\" content=\"Dur\u00e9e de lecture estim\u00e9e\" \/>\n\t<meta name=\"twitter:data2\" content=\"1 minute\" \/>\n<script type=\"application\/ld+json\" class=\"yoast-schema-graph\">{\"@context\":\"https:\/\/schema.org\",\"@graph\":[{\"@type\":\"WebPage\",\"@id\":\"http:\/\/job4miouest.fr\/index.php\/2023\/11\/21\/une-convention-partenariale-pour-le-developpement-economique-des-maraichers-nantais-favorisant-la-diversite-et-linclusion\/\",\"url\":\"http:\/\/job4miouest.fr\/index.php\/2023\/11\/21\/une-convention-partenariale-pour-le-developpement-economique-des-maraichers-nantais-favorisant-la-diversite-et-linclusion\/\",\"name\":\"Une convention partenariale avec la F\u00e9d\u00e9ration des Maraichers Nantais - Job4mi Ouest\",\"isPartOf\":{\"@id\":\"http:\/\/job4miouest.fr\/#website\"},\"primaryImageOfPage\":{\"@id\":\"http:\/\/job4miouest.fr\/index.php\/2023\/11\/21\/une-convention-partenariale-pour-le-developpement-economique-des-maraichers-nantais-favorisant-la-diversite-et-linclusion\/#primaryimage\"},\"image\":{\"@id\":\"http:\/\/job4miouest.fr\/index.php\/2023\/11\/21\/une-convention-partenariale-pour-le-developpement-economique-des-maraichers-nantais-favorisant-la-diversite-et-linclusion\/#primaryimage\"},\"thumbnailUrl\":\"http:\/\/job4miouest.fr\/wp-content\/uploads\/2023\/11\/Photo-convention-FMN_1.jpg\",\"datePublished\":\"2023-11-21T12:41:44+00:00\",\"dateModified\":\"2023-11-21T12:44:48+00:00\",\"author\":{\"@id\":\"http:\/\/job4miouest.fr\/#\/schema\/person\/6ced0b7fabd574f6873ef1f0e7597291\"},\"breadcrumb\":{\"@id\":\"http:\/\/job4miouest.fr\/index.php\/2023\/11\/21\/une-convention-partenariale-pour-le-developpement-economique-des-maraichers-nantais-favorisant-la-diversite-et-linclusion\/#breadcrumb\"},\"inLanguage\":\"fr-FR\",\"potentialAction\":[{\"@type\":\"ReadAction\",\"target\":[\"http:\/\/job4miouest.fr\/index.php\/2023\/11\/21\/une-convention-partenariale-pour-le-developpement-economique-des-maraichers-nantais-favorisant-la-diversite-et-linclusion\/\"]}]},{\"@type\":\"ImageObject\",\"inLanguage\":\"fr-FR\",\"@id\":\"http:\/\/job4miouest.fr\/index.php\/2023\/11\/21\/une-convention-partenariale-pour-le-developpement-economique-des-maraichers-nantais-favorisant-la-diversite-et-linclusion\/#primaryimage\",\"url\":\"http:\/\/job4miouest.fr\/wp-content\/uploads\/2023\/11\/Photo-convention-FMN_1.jpg\",\"contentUrl\":\"http:\/\/job4miouest.fr\/wp-content\/uploads\/2023\/11\/Photo-convention-FMN_1.jpg\",\"width\":2080,\"height\":1560},{\"@type\":\"BreadcrumbList\",\"@id\":\"http:\/\/job4miouest.fr\/index.php\/2023\/11\/21\/une-convention-partenariale-pour-le-developpement-economique-des-maraichers-nantais-favorisant-la-diversite-et-linclusion\/#breadcrumb\",\"itemListElement\":[{\"@type\":\"ListItem\",\"position\":1,\"name\":\"Accueil\",\"item\":\"http:\/\/job4miouest.fr\/\"},{\"@type\":\"ListItem\",\"position\":2,\"name\":\"Une convention partenariale avec la F\u00e9d\u00e9ration des Maraichers Nantais\"}]},{\"@type\":\"WebSite\",\"@id\":\"http:\/\/job4miouest.fr\/#website\",\"url\":\"http:\/\/job4miouest.fr\/\",\"name\":\"Job4mi Ouest\",\"description\":\"Ensemble, parcourons les chemins de l\u2019int\u00e9gration par l\u2019emploi\",\"potentialAction\":[{\"@type\":\"SearchAction\",\"target\":{\"@type\":\"EntryPoint\",\"urlTemplate\":\"http:\/\/job4miouest.fr\/?s={search_term_string}\"},\"query-input\":{\"@type\":\"PropertyValueSpecification\",\"valueRequired\":true,\"valueName\":\"search_term_string\"}}],\"inLanguage\":\"fr-FR\"},{\"@type\":\"Person\",\"@id\":\"http:\/\/job4miouest.fr\/#\/schema\/person\/6ced0b7fabd574f6873ef1f0e7597291\",\"name\":\"Amandine Dampierre-Pecnik\",\"image\":{\"@type\":\"ImageObject\",\"inLanguage\":\"fr-FR\",\"@id\":\"http:\/\/job4miouest.fr\/#\/schema\/person\/image\/\",\"url\":\"https:\/\/secure.gravatar.com\/avatar\/63ab89101d3d8d98202d4694e8e59b1e5a4ed293a4398115a1ab6e29c04a8506?s=96&d=mm&r=g\",\"contentUrl\":\"https:\/\/secure.gravatar.com\/avatar\/63ab89101d3d8d98202d4694e8e59b1e5a4ed293a4398115a1ab6e29c04a8506?s=96&d=mm&r=g\",\"caption\":\"Amandine Dampierre-Pecnik\"},\"url\":\"http:\/\/job4miouest.fr\/index.php\/author\/adampierrepecnik\/\"}]}<\/script>\n<!-- \/ Yoast SEO plugin. -->","yoast_head_json":{"title":"Une convention partenariale avec la F\u00e9d\u00e9ration des Maraichers Nantais - Job4mi Ouest","robots":{"index":"index","follow":"follow","max-snippet":"max-snippet:-1","max-image-preview":"max-image-preview:large","max-video-preview":"max-video-preview:-1"},"canonical":"http:\/\/job4miouest.fr\/index.php\/2023\/11\/21\/une-convention-partenariale-pour-le-developpement-economique-des-maraichers-nantais-favorisant-la-diversite-et-linclusion\/","og_locale":"fr_FR","og_type":"article","og_title":"Une convention partenariale avec la F\u00e9d\u00e9ration des Maraichers Nantais - Job4mi Ouest","og_description":"L\u2019association Job4Mi Ouest est heureuse de vous annoncer un nouveau partenariat avec la F\u00e9d\u00e9ration des Maraicher Nantais. En effet, depuis le 5 octobre une convention&hellip;","og_url":"http:\/\/job4miouest.fr\/index.php\/2023\/11\/21\/une-convention-partenariale-pour-le-developpement-economique-des-maraichers-nantais-favorisant-la-diversite-et-linclusion\/","og_site_name":"Job4mi Ouest","article_published_time":"2023-11-21T12:41:44+00:00","article_modified_time":"2023-11-21T12:44:48+00:00","og_image":[{"width":2080,"height":1560,"url":"http:\/\/job4miouest.fr\/wp-content\/uploads\/2023\/11\/Photo-convention-FMN_1.jpg","type":"image\/jpeg"}],"author":"Amandine Dampierre-Pecnik","twitter_card":"summary_large_image","twitter_misc":{"\u00c9crit par":"Amandine Dampierre-Pecnik","Dur\u00e9e de lecture estim\u00e9e":"1 minute"},"schema":{"@context":"https:\/\/schema.org","@graph":[{"@type":"WebPage","@id":"http:\/\/job4miouest.fr\/index.php\/2023\/11\/21\/une-convention-partenariale-pour-le-developpement-economique-des-maraichers-nantais-favorisant-la-diversite-et-linclusion\/","url":"http:\/\/job4miouest.fr\/index.php\/2023\/11\/21\/une-convention-partenariale-pour-le-developpement-economique-des-maraichers-nantais-favorisant-la-diversite-et-linclusion\/","name":"Une convention partenariale avec la F\u00e9d\u00e9ration des Maraichers Nantais - Job4mi Ouest","isPartOf":{"@id":"http:\/\/job4miouest.fr\/#website"},"primaryImageOfPage":{"@id":"http:\/\/job4miouest.fr\/index.php\/2023\/11\/21\/une-convention-partenariale-pour-le-developpement-economique-des-maraichers-nantais-favorisant-la-diversite-et-linclusion\/#primaryimage"},"image":{"@id":"http:\/\/job4miouest.fr\/index.php\/2023\/11\/21\/une-convention-partenariale-pour-le-developpement-economique-des-maraichers-nantais-favorisant-la-diversite-et-linclusion\/#primaryimage"},"thumbnailUrl":"http:\/\/job4miouest.fr\/wp-content\/uploads\/2023\/11\/Photo-convention-FMN_1.jpg","datePublished":"2023-11-21T12:41:44+00:00","dateModified":"2023-11-21T12:44:48+00:00","author":{"@id":"http:\/\/job4miouest.fr\/#\/schema\/person\/6ced0b7fabd574f6873ef1f0e7597291"},"breadcrumb":{"@id":"http:\/\/job4miouest.fr\/index.php\/2023\/11\/21\/une-convention-partenariale-pour-le-developpement-economique-des-maraichers-nantais-favorisant-la-diversite-et-linclusion\/#breadcrumb"},"inLanguage":"fr-FR","potentialAction":[{"@type":"ReadAction","target":["http:\/\/job4miouest.fr\/index.php\/2023\/11\/21\/une-convention-partenariale-pour-le-developpement-economique-des-maraichers-nantais-favorisant-la-diversite-et-linclusion\/"]}]},{"@type":"ImageObject","inLanguage":"fr-FR","@id":"http:\/\/job4miouest.fr\/index.php\/2023\/11\/21\/une-convention-partenariale-pour-le-developpement-economique-des-maraichers-nantais-favorisant-la-diversite-et-linclusion\/#primaryimage","url":"http:\/\/job4miouest.fr\/wp-content\/uploads\/2023\/11\/Photo-convention-FMN_1.jpg","contentUrl":"http:\/\/job4miouest.fr\/wp-content\/uploads\/2023\/11\/Photo-convention-FMN_1.jpg","width":2080,"height":1560},{"@type":"BreadcrumbList","@id":"http:\/\/job4miouest.fr\/index.php\/2023\/11\/21\/une-convention-partenariale-pour-le-developpement-economique-des-maraichers-nantais-favorisant-la-diversite-et-linclusion\/#breadcrumb","itemListElement":[{"@type":"ListItem","position":1,"name":"Accueil","item":"http:\/\/job4miouest.fr\/"},{"@type":"ListItem","position":2,"name":"Une convention partenariale avec la F\u00e9d\u00e9ration des Maraichers Nantais"}]},{"@type":"WebSite","@id":"http:\/\/job4miouest.fr\/#website","url":"http:\/\/job4miouest.fr\/","name":"Job4mi Ouest","description":"Ensemble, parcourons les chemins de l\u2019int\u00e9gration par l\u2019emploi","potentialAction":[{"@type":"SearchAction","target":{"@type":"EntryPoint","urlTemplate":"http:\/\/job4miouest.fr\/?s={search_term_string}"},"query-input":{"@type":"PropertyValueSpecification","valueRequired":true,"valueName":"search_term_string"}}],"inLanguage":"fr-FR"},{"@type":"Person","@id":"http:\/\/job4miouest.fr\/#\/schema\/person\/6ced0b7fabd574f6873ef1f0e7597291","name":"Amandine Dampierre-Pecnik","image":{"@type":"ImageObject","inLanguage":"fr-FR","@id":"http:\/\/job4miouest.fr\/#\/schema\/person\/image\/","url":"https:\/\/secure.gravatar.com\/avatar\/63ab89101d3d8d98202d4694e8e59b1e5a4ed293a4398115a1ab6e29c04a8506?s=96&d=mm&r=g","contentUrl":"https:\/\/secure.gravatar.com\/avatar\/63ab89101d3d8d98202d4694e8e59b1e5a4ed293a4398115a1ab6e29c04a8506?s=96&d=mm&r=g","caption":"Amandine Dampierre-Pecnik"},"url":"http:\/\/job4miouest.fr\/index.php\/author\/adampierrepecnik\/"}]}},"rttpg_featured_image_url":{"full":["http:\/\/job4miouest.fr\/wp-content\/uploads\/2023\/11\/Photo-convention-FMN_1.jpg",2080,1560,false],"landscape":["http:\/\/job4miouest.fr\/wp-content\/uploads\/2023\/11\/Photo-convention-FMN_1.jpg",2080,1560,false],"portraits":["http:\/\/job4miouest.fr\/wp-content\/uploads\/2023\/11\/Photo-convention-FMN_1.jpg",2080,1560,false],"thumbnail":["http:\/\/job4miouest.fr\/wp-content\/uploads\/2023\/11\/Photo-convention-FMN_1-150x150.jpg",150,150,true],"medium":["http:\/\/job4miouest.fr\/wp-content\/uploads\/2023\/11\/Photo-convention-FMN_1-300x225.jpg",300,225,true],"large":["http:\/\/job4miouest.fr\/wp-content\/uploads\/2023\/11\/Photo-convention-FMN_1-1024x768.jpg",843,632,true],"1536x1536":["http:\/\/job4miouest.fr\/wp-content\/uploads\/2023\/11\/Photo-convention-FMN_1-1536x1152.jpg",1536,1152,true],"2048x2048":["http:\/\/job4miouest.fr\/wp-content\/uploads\/2023\/11\/Photo-convention-FMN_1-2048x1536.jpg",2048,1536,true],"widget-thumbnail":["http:\/\/job4miouest.fr\/wp-content\/uploads\/2023\/11\/Photo-convention-FMN_1-75x75.jpg",75,75,true],"320w":["http:\/\/job4miouest.fr\/wp-content\/uploads\/2023\/11\/Photo-convention-FMN_1-320x240.jpg",320,240,true],"480w":["http:\/\/job4miouest.fr\/wp-content\/uploads\/2023\/11\/Photo-convention-FMN_1-480x360.jpg",480,360,true],"800w":["http:\/\/job4miouest.fr\/wp-content\/uploads\/2023\/11\/Photo-convention-FMN_1-800x600.jpg",800,600,true],"menu-24x24":["http:\/\/job4miouest.fr\/wp-content\/uploads\/2023\/11\/Photo-convention-FMN_1-24x18.jpg",24,18,true],"menu-36x36":["http:\/\/job4miouest.fr\/wp-content\/uploads\/2023\/11\/Photo-convention-FMN_1-36x27.jpg",36,27,true],"menu-48x48":["http:\/\/job4miouest.fr\/wp-content\/uploads\/2023\/11\/Photo-convention-FMN_1-48x36.jpg",48,36,true]},"rttpg_author":{"display_name":"Amandine Dampierre-Pecnik","author_link":"http:\/\/job4miouest.fr\/index.php\/author\/adampierrepecnik\/"},"rttpg_comment":0,"rttpg_category":"<a href=\"http:\/\/job4miouest.fr\/index.php\/category\/evenement\/\" rel=\"category tag\">Ev\u00e8nement<\/a>","rttpg_excerpt":"L\u2019association Job4Mi Ouest est heureuse de vous annoncer un nouveau partenariat avec la F\u00e9d\u00e9ration des Maraicher Nantais. En effet, depuis le 5 octobre une convention&hellip;","_links":{"self":[{"href":"http:\/\/job4miouest.fr\/index.php\/wp-json\/wp\/v2\/posts\/1891","targetHints":{"allow":["GET"]}}],"collection":[{"href":"http:\/\/job4miouest.fr\/index.php\/wp-json\/wp\/v2\/posts"}],"about":[{"href":"http:\/\/job4miouest.fr\/index.php\/wp-json\/wp\/v2\/types\/post"}],"author":[{"embeddable":true,"href":"http:\/\/job4miouest.fr\/index.php\/wp-json\/wp\/v2\/users\/7"}],"replies":[{"embeddable":true,"href":"http:\/\/job4miouest.fr\/index.php\/wp-json\/wp\/v2\/comments?post=1891"}],"version-history":[{"count":2,"href":"http:\/\/job4miouest.fr\/index.php\/wp-json\/wp\/v2\/posts\/1891\/revisions"}],"predecessor-version":[{"id":1894,"href":"http:\/\/job4miouest.fr\/index.php\/wp-json\/wp\/v2\/posts\/1891\/revisions\/1894"}],"wp:featuredmedia":[{"embeddable":true,"href":"http:\/\/job4miouest.fr\/index.php\/wp-json\/wp\/v2\/media\/1892"}],"wp:attachment":[{"href":"http:\/\/job4miouest.fr\/index.php\/wp-json\/wp\/v2\/media?parent=1891"}],"wp:term":[{"taxonomy":"category","embeddable":true,"href":"http:\/\/job4miouest.fr\/index.php\/wp-json\/wp\/v2\/categories?post=1891"},{"taxonomy":"post_tag","embeddable":true,"href":"http:\/\/job4miouest.fr\/index.php\/wp-json\/wp\/v2\/tags?post=1891"}],"curies":[{"name":"wp","href":"https:\/\/api.w.org\/{rel}","templated":true}]}}